{"id":87,"date":"2014-10-24T11:22:55","date_gmt":"2014-10-24T11:22:55","guid":{"rendered":"http:\/\/www.dravska-liga.hr\/?p=87"},"modified":"2014-10-27T21:04:08","modified_gmt":"2014-10-27T21:04:08","slug":"sudjelovali-smo-na-medunarodnom-sajmu","status":"publish","type":"post","link":"https:\/\/www.dravska-liga.hr\/index.php\/sudjelovali-smo-na-medunarodnom-sajmu\/","title":{"rendered":"Sudjelovali smo na Me\u0111unarodnom sajmu&#8230;"},"content":{"rendered":"<p>Sudjelovali smo na 19. Me\u0111unarodnom sajmu &#8211; LOV RIBOLOV PRIRODA TURIZAM &#8211; koji je odr\u017ean od 10.-12. listopada u Areni Vara\u017edin.<\/p>\n<p>Na sajmu smo izlo\u017eili fotodokumentaciju, edukativne materijale i letke.<\/p>\n<p>Informirali smo posjetitelje i izlaga\u010de o radu DRAVSKE LIGE i o dosada\u0161njim rezultatima projekta Monitoring ptica i stani\u0161ta rijeke Drave.<\/p>\n<p><a title=\"Sudjelovanje na 19. me\u0111unarodnom sajmu Lov, ribolov, priroda, turizam\" href=\"http:\/\/www.dravska-liga.hr\/index.php\/galerija-2\/sudjelovanje-na-19-medunarodnom-sajmu-lov-ribolov-priroda-turizam\/\">Fotogalerija<\/a><\/p>\n<p>&nbsp;<\/p>\n","protected":false},"excerpt":{"rendered":"<p>Sudjelovali smo na 19. Me\u0111unarodnom sajmu &#8211; LOV RIBOLOV PRIRODA TURIZAM &#8211; koji je odr\u017ean od 10.-12. listopada u Areni Vara\u017edin. Na sajmu smo izlo\u017eili fotodokumentaciju, edukativne materijale i letke. Informirali smo posjetitelje i izlaga\u010de o radu DRAVSKE LIGE i &hellip; <a href=\"https:\/\/www.dravska-liga.hr\/index.php\/sudjelovali-smo-na-medunarodnom-sajmu\/\">Nastavi \u010ditati <span class=\"meta-nav\">&rarr;<\/span><\/a><\/p>\n","protected":false},"author":2,"featured_media":91,"comment_status":"closed","ping_status":"closed","sticky":false,"template":"","format":"standard","meta":{"footnotes":""},"categories":[8],"tags":[],"class_list":["post-87","post","type-post","status-publish","format-standard","has-post-thumbnail","hentry","category-novosti"],"_links":{"self":[{"href":"https:\/\/www.dravska-liga.hr\/index.php\/wp-json\/wp\/v2\/posts\/87","targetHints":{"allow":["GET"]}}],"collection":[{"href":"https:\/\/www.dravska-liga.hr\/index.php\/wp-json\/wp\/v2\/posts"}],"about":[{"href":"https:\/\/www.dravska-liga.hr\/index.php\/wp-json\/wp\/v2\/types\/post"}],"author":[{"embeddable":true,"href":"https:\/\/www.dravska-liga.hr\/index.php\/wp-json\/wp\/v2\/users\/2"}],"replies":[{"embeddable":true,"href":"https:\/\/www.dravska-liga.hr\/index.php\/wp-json\/wp\/v2\/comments?post=87"}],"version-history":[{"count":0,"href":"https:\/\/www.dravska-liga.hr\/index.php\/wp-json\/wp\/v2\/posts\/87\/revisions"}],"wp:featuredmedia":[{"embeddable":true,"href":"https:\/\/www.dravska-liga.hr\/index.php\/wp-json\/wp\/v2\/media\/91"}],"wp:attachment":[{"href":"https:\/\/www.dravska-liga.hr\/index.php\/wp-json\/wp\/v2\/media?parent=87"}],"wp:term":[{"taxonomy":"category","embeddable":true,"href":"https:\/\/www.dravska-liga.hr\/index.php\/wp-json\/wp\/v2\/categories?post=87"},{"taxonomy":"post_tag","embeddable":true,"href":"https:\/\/www.dravska-liga.hr\/index.php\/wp-json\/wp\/v2\/tags?post=87"}],"curies":[{"name":"wp","href":"https:\/\/api.w.org\/{rel}","templated":true}]}}