{"id":373,"date":"2021-04-19T10:33:17","date_gmt":"2021-04-19T10:33:17","guid":{"rendered":"http:\/\/www.dravska-liga.hr\/?p=373"},"modified":"2021-04-26T10:39:57","modified_gmt":"2021-04-26T10:39:57","slug":"obiljezavanje-20-godisnjice-saveza-udruga-dravska-liga","status":"publish","type":"post","link":"https:\/\/www.dravska-liga.hr\/index.php\/obiljezavanje-20-godisnjice-saveza-udruga-dravska-liga\/","title":{"rendered":"Obilje\u017eavanje 20. godi\u0161njice Saveza udruga Dravska liga"},"content":{"rendered":"\n<p>Dravska liga je davno osnovana &#8211; 25. travnja 2001. godine na skup\u0161tini u Vara\u017edinu. Osniva\u010di su bile udruge civilnoga dru\u0161tva, njih 9 iz svih \u017eupanija uz rijeke Muru, Dravu i\u00a0Dunav u Hrvatskoj.<\/p>\n\n\n\n<p>Ponosni smo \u0161to \u0107emo 25. travnja ove 2021. godine skromno obilje\u017eiti 20 godina postojanja ovog, po mnogo \u010demu jedinstvenog, saveza udruga, koje su u proteklom periodu vrlo uspje\u0161no sura\u0111ivale na raznim projektima, programima, u kampanjama, na raznim doga\u0111anjima i drugim aktivnostima sa srodnim savezima i mre\u017eama\u00a0 u Hrvatskoj, Europi i \u0161ire, kako bi promovirale i \u0161titile ljepotu i posebnost Drave, njenih pritoka i cijelog porje\u010dja.<\/p>\n\n\n\n<p>Neke su udruge s godinama prestale biti \u010dlanom Dravske lige, a druge su postale na\u0161e \u010dlanice. Povezani smo bili i ostali zajedni\u010dkim ciljevima.<br>O na\u0161em radu i svemu \u0161to bi vas moglo zanimati mo\u017eete saznati i na stranicama na\u0161ih udruga \u010dlanica. <br>Obzirom na\u00a0 COVID-19 i brojna ograni\u010denja vezana uz situaciju u kojoj se svi nalazimo, odgodit \u0107emo sve aktivnosti koje smo osmislili za ovu nama zna\u010dajnu obljetnicu.<\/p>\n\n\n\n<p>Dora Radosavljevi\u0107, predsjednica Dravske lige<\/p>\n","protected":false},"excerpt":{"rendered":"<p>Dravska liga je davno osnovana &#8211; 25. travnja 2001. godine na skup\u0161tini u Vara\u017edinu. Osniva\u010di su bile udruge civilnoga dru\u0161tva, njih 9 iz svih \u017eupanija uz rijeke Muru, Dravu i\u00a0Dunav u Hrvatskoj. Ponosni smo \u0161to \u0107emo 25. travnja ove 2021. &hellip; <a href=\"https:\/\/www.dravska-liga.hr\/index.php\/obiljezavanje-20-godisnjice-saveza-udruga-dravska-liga\/\">Nastavi \u010ditati <span class=\"meta-nav\">&rarr;<\/span><\/a><\/p>\n","protected":false},"author":2,"featured_media":0,"comment_status":"closed","ping_status":"closed","sticky":false,"template":"","format":"standard","meta":{"footnotes":""},"categories":[8],"tags":[],"class_list":["post-373","post","type-post","status-publish","format-standard","hentry","category-novosti"],"_links":{"self":[{"href":"https:\/\/www.dravska-liga.hr\/index.php\/wp-json\/wp\/v2\/posts\/373","targetHints":{"allow":["GET"]}}],"collection":[{"href":"https:\/\/www.dravska-liga.hr\/index.php\/wp-json\/wp\/v2\/posts"}],"about":[{"href":"https:\/\/www.dravska-liga.hr\/index.php\/wp-json\/wp\/v2\/types\/post"}],"author":[{"embeddable":true,"href":"https:\/\/www.dravska-liga.hr\/index.php\/wp-json\/wp\/v2\/users\/2"}],"replies":[{"embeddable":true,"href":"https:\/\/www.dravska-liga.hr\/index.php\/wp-json\/wp\/v2\/comments?post=373"}],"version-history":[{"count":0,"href":"https:\/\/www.dravska-liga.hr\/index.php\/wp-json\/wp\/v2\/posts\/373\/revisions"}],"wp:attachment":[{"href":"https:\/\/www.dravska-liga.hr\/index.php\/wp-json\/wp\/v2\/media?parent=373"}],"wp:term":[{"taxonomy":"category","embeddable":true,"href":"https:\/\/www.dravska-liga.hr\/index.php\/wp-json\/wp\/v2\/categories?post=373"},{"taxonomy":"post_tag","embeddable":true,"href":"https:\/\/www.dravska-liga.hr\/index.php\/wp-json\/wp\/v2\/tags?post=373"}],"curies":[{"name":"wp","href":"https:\/\/api.w.org\/{rel}","templated":true}]}}